{"id":1165,"date":"2021-07-05T19:07:04","date_gmt":"2021-07-05T17:07:04","guid":{"rendered":"https:\/\/alertadh.org\/?p=1165"},"modified":"2022-01-13T11:09:10","modified_gmt":"2022-01-13T10:09:10","slug":"mas-de-8-000-entidades-y-cooperativas-impulsan-la-creacion-del-centro-catalan-de-empresa-y-derechos-humanos","status":"publish","type":"post","link":"https:\/\/alertadh.org\/es\/mas-de-8-000-entidades-y-cooperativas-impulsan-la-creacion-del-centro-catalan-de-empresa-y-derechos-humanos\/","title":{"rendered":"M\u00e1s de 8.000 entidades y cooperativas impulsan la creaci\u00f3n del Centro Catal\u00e1n de Empresa y Derechos Humanos"},"content":{"rendered":"\n<p><strong>La Propuesta de Ley de creaci\u00f3n de un organismo de evaluaci\u00f3n del impacto sobre los derechos humanos de las empresas que operan en Catalunya y en el exterior se ha registrado en el Parlamento de Catalunya con el apoyo de\u00a0 PSC, ERC, Junts, CUP y Comuns. El Parlamento ya se ha posicionado hasta tres veces a favor de la creaci\u00f3n de este Centro con diferentes resoluciones desde el a\u00f1o 2016.<\/strong><\/p>\n\n\n\n<figure class=\"wp-block-image size-large\"><img loading=\"lazy\" decoding=\"async\" width=\"1024\" height=\"683\" src=\"https:\/\/alertadh.org\/wp-content\/uploads\/2022\/01\/EmpresaiDH_escalesParlament_web-1536x1024-1-1024x683.jpg\" alt=\"\" class=\"wp-image-1166\" srcset=\"https:\/\/alertadh.org\/wp-content\/uploads\/2022\/01\/EmpresaiDH_escalesParlament_web-1536x1024-1-1024x683.jpg 1024w, https:\/\/alertadh.org\/wp-content\/uploads\/2022\/01\/EmpresaiDH_escalesParlament_web-1536x1024-1-300x200.jpg 300w, https:\/\/alertadh.org\/wp-content\/uploads\/2022\/01\/EmpresaiDH_escalesParlament_web-1536x1024-1-768x512.jpg 768w, https:\/\/alertadh.org\/wp-content\/uploads\/2022\/01\/EmpresaiDH_escalesParlament_web-1536x1024-1.jpg 1536w\" sizes=\"auto, (max-width: 1024px) 100vw, 1024px\" \/><figcaption> <br><em>Representants del Grup catal\u00e0 d\u2019Empresa i Drets Humans i dels partits que donen suport a la iniciativa a les escales del Parlament \/ Lafede.ca<\/em>t<\/figcaption><\/figure>\n\n\n\n<p><strong>Nuevo acuerdo pol\u00edtico de la sociedad civil para sacar adelante una propuesta legislativa pionera en el mundo.&nbsp;<\/strong>Hoy se ha registrado en el Parlamento de Catalunya la&nbsp;<strong>Propuesta de Ley de creaci\u00f3n del Centro Catal\u00e1n de Empresas y Derechos Humanos<\/strong>, con el apoyo de los grupos parlamentarios de Socialistes i Units per Avan\u00e7ar, Esquerra Republicana, Junts per Catalunya, Candidatura d\u2019Unitat Popular \u2013 Un Nou Cicle per Guanyar y En Com\u00fa Podem.&nbsp; La propuesta fue elaborada por el Grup catal\u00e0 d\u2019Empresa i Drets Humans que formen&nbsp;<a href=\"https:\/\/www.lafede.cat\/ca\/\">Lafede.cat \u2013 Organitzacions per a la Just\u00edcia Global<\/a>&nbsp;y la&nbsp;<a href=\"https:\/\/www.taulacolombia.org\/ca\/\">Taula Catalana per la Pau i els Drets Humans a Col\u00f2mbia<\/a>, ambas plataformas de entidades del tercer sector. En total, m\u00e1s de 8.000 entidades de la sociedad civil apoyan la creaci\u00f3n de este organismo pionero.&nbsp;&nbsp;<\/p>\n\n\n\n<p>En la&nbsp;<a href=\"https:\/\/www.parlament.cat\/ext\/f?p=700:15:0:::15:P15_ID_VIDEO,P15_ID_AGRUPACIO:13028765,17495\">rueda de prensa<\/a>&nbsp;celebrada en el Parlament,<strong>&nbsp;Amaia Garcia<\/strong>,&nbsp;portavoz de las entidades promotoras, ha expresado que \u201cel futuro Centro Catal\u00e1n de Empresa y Derechos Humanos velar\u00e1 por que la internacionalizaci\u00f3n de&nbsp; la econom\u00eda catalana no genera impactos negativos y vulnere los derechos humanos, en particular en los pa\u00edses m\u00e1s empobrecidos\u201d.&nbsp;<\/p>\n\n\n\n<p>El Centro catal\u00e1n de Empresa y Derechos Humanos es una propuesta referente al mundo en la evaluaci\u00f3n del impacto sobre los derechos humanos y el desarrollo sostenible de las operaciones de las empresas que operan en Catalunya y en el exterior. En este sentido,&nbsp;<strong>Marco Aparicio,<\/strong>&nbsp;tambi\u00e9n portavoz del Grup ha se\u00f1alado que \u00abel Centro catal\u00e1n de Empresa y Derechos Humanos es un organismo p\u00fablico, independiente y con participaci\u00f3n de la sociedad civil que es \u00fanico y necesario; confiamos que pronto sea una realidad \u00ab. Aparicio ha destacado algunas de las funciones que tendr\u00eda el Centro: investigar demandas de posibles vulneraciones de derechos de las empresas, acompa\u00f1ar a las comunidades afectadas, pedir a las empresas que participen en procesos de esclarecimiento de estas investigaciones y sancionar a las empresas que se nieguen a responder a los requerimientos de informaci\u00f3n.&nbsp;<\/p>\n\n\n\n<p>El Parlamento de Catalunya ya ha demostrado en varias ocasiones su apoyo a la creaci\u00f3n de este Centro con tres resoluciones desde el 2016, por unanimidad o mayor\u00eda absoluta. Con este Centro,\u00a0<strong>Catalunya ser\u00eda pionera en la defensa de los derechos humanos en el mundo y en garantizar la actuaci\u00f3n responsable de las empresas transnacionales que operan en Catalunya, tal y como se est\u00e1 solicitando desde Naciones Unidas<\/strong>.<\/p>\n\n\n\n<figure class=\"wp-block-image size-large\"><img loading=\"lazy\" decoding=\"async\" width=\"1024\" height=\"683\" src=\"https:\/\/alertadh.org\/wp-content\/uploads\/2022\/01\/EmpresaiDH_AmaiaGarcia_diputats_web-1536x1024-2-1024x683.jpg\" alt=\"\" class=\"wp-image-1168\" srcset=\"https:\/\/alertadh.org\/wp-content\/uploads\/2022\/01\/EmpresaiDH_AmaiaGarcia_diputats_web-1536x1024-2-1024x683.jpg 1024w, https:\/\/alertadh.org\/wp-content\/uploads\/2022\/01\/EmpresaiDH_AmaiaGarcia_diputats_web-1536x1024-2-300x200.jpg 300w, https:\/\/alertadh.org\/wp-content\/uploads\/2022\/01\/EmpresaiDH_AmaiaGarcia_diputats_web-1536x1024-2-768x512.jpg 768w, https:\/\/alertadh.org\/wp-content\/uploads\/2022\/01\/EmpresaiDH_AmaiaGarcia_diputats_web-1536x1024-2.jpg 1536w\" sizes=\"auto, (max-width: 1024px) 100vw, 1024px\" \/><\/figure>\n\n\n\n<p><strong>\u00bfEn qu\u00e9 consiste la propuesta del Centro?<\/strong><\/p>\n\n\n\n<p>El futuro Centro de Empresas y Derechos Humanos velar\u00e1 para que el proceso de internacionalizaci\u00f3n de la econom\u00eda catalana no genere impactos negativos, especialmente en los pa\u00edses m\u00e1s empobrecidos, y ser\u00e1 el instrumento que garantizar\u00e1 la coherencia entre las pol\u00edticas econ\u00f3micas, de acci\u00f3n exterior y de cooperaci\u00f3n internacional.<\/p>\n\n\n\n<p>El Centro ser\u00e1 un&nbsp;<strong>organismo p\u00fablico e independiente que rendir\u00e1 cuentas a la sociedad civil, al Parlament y al Gobierno de la Generalitat.<\/strong>&nbsp;Su principal objetivo ser\u00e1 el seguimiento y evaluaci\u00f3n del impacto de las empresas catalanas o transnacionales con presencia en Catalunya, sobre los derechos humanos o el medio ambiente, en comunidades o regiones de otros pa\u00edses. Este organismo p\u00fablico supondr\u00e1 un importante avance en la regulaci\u00f3n del sector empresarial en materia de derechos humanos y de defensa del medio ambiente. M\u00e1s de 3.000 empresas catalanas operan en el exterior, de forma directa o mediante m\u00e1s de 7.500 filiales.<\/p>\n\n\n\n<p>Las entidades de paz, cooperaci\u00f3n y derechos humanos trabajan desde 2014 para hacer realidad este Centro que, creen, aumentar\u00e1 el impacto estrat\u00e9gico de la pol\u00edtica de cooperaci\u00f3n internacional y se convertir\u00e1 en un ejemplo de coherencia de pol\u00edticas p\u00fablicas, tal y como establece la&nbsp;<a href=\"https:\/\/portaljuridic.gencat.cat\/ca\/pjur_ocults\/pjur_resultats_fitxa\/?action=fitxa&amp;mode=single&amp;documentId=282457&amp;language=ca_ES\">Ley Catalana de Cooperaci\u00f3n<\/a>&nbsp;y la&nbsp;<a href=\"https:\/\/portaljuridic.gencat.cat\/ca\/pjur_ocults\/pjur_resultats_fitxa\/?action=fitxa&amp;portalId=1&amp;documentId=676911&amp;newLang=ca_ES\">Ley de Acci\u00f3n Exterior<\/a>.&nbsp;&nbsp;<a href=\"https:\/\/alertadh.org\/\">La web AlertaDH<\/a>&nbsp;&nbsp;recoge diferentes casos y ejemplos de violaci\u00f3n de derechos humanos por parte de empresas catalanas, identificados e investigados por el Grup d\u2019Empresa i Drets Humans.<\/p>\n\n\n\n<p><strong>Amplio apoyo social<\/strong><\/p>\n\n\n\n<p>Si hace un a\u00f1o la propuesta estaba impulsada por dos plataformas de segundo nivel que representan unas 150 entidades, esta vez son m\u00e1s de 8.000 las organizaciones sociales que lo apoyan. La iniciativa tiene el apoyo de los principales sindicatos de Catalu\u00f1a (<a href=\"https:\/\/www.ccoo.cat\/\">CCOO Catalunya<\/a>, la\u00a0<a href=\"http:\/\/www.ugt.cat\/\">UGT de Catalunya<\/a>\u00a0y la\u00a0<a href=\"https:\/\/www.intersindical-csc.cat\/\">Intersindical-CSC<\/a>), as\u00ed como del\u00a0<a href=\"https:\/\/www.fonscatala.org\/ca\">Fons Catal\u00e0 de Cooperaci\u00f3 al Desenvolupament<\/a>, organismo con 319 socios, entre los cuales 287 son Ayuntamientos (que representan el 85% de la poblaci\u00f3n que habita Catalunya), 14 consejos comarcales, 4 diputaciones, una mancomunidad, y 13 entidades y ONGs.\u00a0Tambi\u00e9n se cuenta con el apoyo del\u00a0<a href=\"https:\/\/www.cnjc.cat\/ca\">Consell Nacional de la Joventut de Catalunya<\/a>\u00a0 y del\u00a0<a href=\"https:\/\/www.cjb.cat\/\">Consell de la Joventut de Barcelona<\/a>, el\u00a0<a href=\"https:\/\/www.cab.cat\/\">Consell d\u2019Associacions de Barcelona<\/a>\u00a0y un gran n\u00famero de organizaciones sociales como la \u2019<a href=\"https:\/\/economiasocialcatalunya.cat\/sobre-laescat\/\">AESCAT<\/a>\u00a0(Associaci\u00f3 d\u2019Economia Solid\u00e0ria de Catalunya), una entidad de cuarto nivel, que aglutina a 7.422 organizaciones y agrupa a las principales plataformas de representaci\u00f3n de las diferentes familias de la econom\u00eda social de\u00a0 Catalunya: la\u00a0<a href=\"https:\/\/www.cooperativescatalunya.coop\/index.php\/ca\/\">Confederaci\u00f3 de Cooperatives de Catalunya<\/a>, la\u00a0<a href=\"https:\/\/www.tercersector.cat\/\">Taula d\u2019Entitats del Tercer Sector Social de Catalunya<\/a>, la\u00a0<a href=\"https:\/\/laconfederacio.org\/\">Confederaci\u00f3 Empresarial del Tercer Sector Social de Catalunya<\/a>, la\u00a0<a href=\"https:\/\/www.mutualitats.cat\/\">Federaci\u00f3 de Mutualitats de Catalunya<\/a>\u00a0y la\u00a0<a href=\"https:\/\/xes.cat\/\">Xarxa d\u2019Economia Solid\u00e0ria de Catalunya<\/a>. Asimismo, se cuenta con el apoyo del\u00a0<a href=\"https:\/\/www.cronda.coop\/\">Col\u00b7lectiu Ronda d\u2019advocats i advocades<\/a>\u00a0y otras plataformas sociales y c\u00edvicas como la\u00a0<a href=\"https:\/\/stopisds.org\/ca\/la-campanya-no-als-tractats-de-comerc-i-inversio-demana-la-fi-de-larbitratge-entre-inversors-i-estats\/\">Campanya No a los Tratados de Comercio e Inversi\u00f3n<\/a>,\u00a0<a href=\"https:\/\/calala.org\/mujeres-migrantes-diversas\/\">Mujeres Migrantes Diversas<\/a>,\u00a0<a href=\"https:\/\/xrbarcelona.org\/ca\/\">Rebel\u00b7li\u00f3 o Extinci\u00f3 Barcelona<\/a>\u00a0y el\u00a0<a href=\"https:\/\/manteros.org\/\">Sindicato Popular de Vendedores Ambulantes<\/a>.<\/p>\n\n\n\n<figure class=\"wp-block-image size-large\"><img loading=\"lazy\" decoding=\"async\" width=\"1024\" height=\"682\" src=\"https:\/\/alertadh.org\/wp-content\/uploads\/2022\/01\/EmpresaiDH_Registre_web-1536x1023-1024x682.jpg\" alt=\"\" class=\"wp-image-1163\" srcset=\"https:\/\/alertadh.org\/wp-content\/uploads\/2022\/01\/EmpresaiDH_Registre_web-1536x1023-1024x682.jpg 1024w, https:\/\/alertadh.org\/wp-content\/uploads\/2022\/01\/EmpresaiDH_Registre_web-1536x1023-300x200.jpg 300w, https:\/\/alertadh.org\/wp-content\/uploads\/2022\/01\/EmpresaiDH_Registre_web-1536x1023-768x512.jpg 768w, https:\/\/alertadh.org\/wp-content\/uploads\/2022\/01\/EmpresaiDH_Registre_web-1536x1023.jpg 1536w\" sizes=\"auto, (max-width: 1024px) 100vw, 1024px\" \/><figcaption>Propuesta de Ley presentada en el Parlamento catal\u00e1n<\/figcaption><\/figure>\n\n\n\n<p><strong>\u00bfQui\u00e9n forma parte del grupo impulsor?<\/strong><\/p>\n\n\n\n<p>El Grup catal\u00e0 d\u2019Empresa i Drets humans est\u00e1 integrado por 18 entidades de dos plataformas distintas,&nbsp;<a href=\"https:\/\/www.lafede.cat\/\">Lafede.cat \u2013 Organitzacions per a la Just\u00edcia Global<\/a>&nbsp;y la&nbsp;<a href=\"http:\/\/www.taulacolombia.org\/\">Taula Catalana per la Pau i els Drets Humans a Col\u00f2mbia<\/a>. El Grup cuenta, adem\u00e1s, con personas investigadoras expertas del&nbsp;<a href=\"https:\/\/www.tni.org\/es\">TNI \u2013 Transnational Institute<\/a>, as\u00ed como de diferentes universidades (Universitat Aut\u00f2noma de Barcelona, Universitat de Barcelona, Universitat de Girona, Universitat Rovira i Virgili y Universidad del Pa\u00eds Vasco). Las 18 entidades son:&nbsp;<a href=\"https:\/\/www.alianzaporlasolidaridad.org\/\">Alianza por la Solidaridad<\/a>,&nbsp;<a href=\"https:\/\/alternativa-ong.org\/ca\/\">AlterNativa Intercanvi amb Pobles ind\u00edgenes<\/a>,&nbsp;<a href=\"http:\/\/www.amnistiacatalunya.org\/\">Amnistia Internacional Catalunya<\/a>,&nbsp;<a href=\"http:\/\/www.centredelas.org\/ca\/\">Centre Del\u00e0s<\/a>,&nbsp;<a href=\"http:\/\/www.cooperaccio.org\/\">CooperAcci\u00f3<\/a>,&nbsp;<a href=\"https:\/\/www.entrepobles.org\/\">Entrepobles<\/a>,&nbsp;<a href=\"https:\/\/esf-cat.org\/\">Enginyeria Sense Fronteres<\/a>,&nbsp;<a href=\"https:\/\/farmaceuticosmundi.org\/?lang=ca\">Farmamundi<\/a>,&nbsp;<a href=\"https:\/\/pauisolidaritat.ccoo.cat\/\">Fundaci\u00f3 Pau i Solidaritat \u2013 CCOO Catalunya<\/a>,&nbsp;<a href=\"https:\/\/cat.justiciaalimentaria.org\/\">Just\u00edcia Aliment\u00e0ria Global<\/a>,&nbsp;<a href=\"https:\/\/www.justiciaipau.org\/\">Just\u00edcia i Pau<\/a>,&nbsp;<a href=\"https:\/\/novact.org\/?lang=cat\">NOVACT<\/a>,&nbsp;<a href=\"https:\/\/observatoridesc.org\/\">Observatori DESC<\/a>,&nbsp;<a href=\"https:\/\/odg.cat\/\">ODG<\/a>,&nbsp;<a href=\"http:\/\/www.setem.org\/site\/cat\/federacion\">SETEM<\/a>,&nbsp;<a href=\"https:\/\/sindicalistessolidaris.org\/\">Sindicalistes Solidaris \u2013 UGT Catalunya<\/a>,&nbsp;<a href=\"https:\/\/suds.cat\/\">SUDS<\/a>&nbsp;y&nbsp;<a href=\"http:\/\/www.pbi-ee.org\/\">Brigades Internacionals de Pau de Catalunya (PBI)<\/a>&nbsp;en tanto que entidad observadora.&nbsp;<\/p>\n","protected":false},"excerpt":{"rendered":"<p>La Propuesta de Ley de creaci\u00f3n de un organismo de evaluaci\u00f3n del impacto sobre los derechos humanos de las empresas que operan en Catalunya y en el exterior se ha registrado en el Parlamento de Catalunya con el apoyo de\u00a0 PSC, ERC, Junts, CUP y Comuns. El Parlamento ya se ha posicionado hasta tres veces a favor de la creaci\u00f3n de este Centro con diferentes resoluciones desde el a\u00f1o 2016. Nuevo acuerdo pol\u00edtico de la sociedad civil para sacar adelante una propuesta legislativa pionera en el mundo.&nbsp;Hoy se ha registrado en el Parlamento de Catalunya la&nbsp;Propuesta de Ley de creaci\u00f3n [&hellip;]<\/p>\n","protected":false},"author":7,"featured_media":1161,"comment_status":"open","ping_status":"open","sticky":false,"template":"","format":"standard","meta":{"_acf_changed":false,"footnotes":""},"categories":[320],"tags":[211,322,321],"class_list":["post-1165","post","type-post","status-publish","format-standard","has-post-thumbnail","hentry","category-parlamento","tag-derechos-humanos","tag-ley","tag-parlamento"],"acf":[],"_links":{"self":[{"href":"https:\/\/alertadh.org\/es\/wp-json\/wp\/v2\/posts\/1165","targetHints":{"allow":["GET"]}}],"collection":[{"href":"https:\/\/alertadh.org\/es\/wp-json\/wp\/v2\/posts"}],"about":[{"href":"https:\/\/alertadh.org\/es\/wp-json\/wp\/v2\/types\/post"}],"author":[{"embeddable":true,"href":"https:\/\/alertadh.org\/es\/wp-json\/wp\/v2\/users\/7"}],"replies":[{"embeddable":true,"href":"https:\/\/alertadh.org\/es\/wp-json\/wp\/v2\/comments?post=1165"}],"version-history":[{"count":1,"href":"https:\/\/alertadh.org\/es\/wp-json\/wp\/v2\/posts\/1165\/revisions"}],"predecessor-version":[{"id":1170,"href":"https:\/\/alertadh.org\/es\/wp-json\/wp\/v2\/posts\/1165\/revisions\/1170"}],"wp:featuredmedia":[{"embeddable":true,"href":"https:\/\/alertadh.org\/es\/wp-json\/wp\/v2\/media\/1161"}],"wp:attachment":[{"href":"https:\/\/alertadh.org\/es\/wp-json\/wp\/v2\/media?parent=1165"}],"wp:term":[{"taxonomy":"category","embeddable":true,"href":"https:\/\/alertadh.org\/es\/wp-json\/wp\/v2\/categories?post=1165"},{"taxonomy":"post_tag","embeddable":true,"href":"https:\/\/alertadh.org\/es\/wp-json\/wp\/v2\/tags?post=1165"}],"curies":[{"name":"wp","href":"https:\/\/api.w.org\/{rel}","templated":true}]}}