{"id":1346,"date":"2022-02-10T11:36:25","date_gmt":"2022-02-10T10:36:25","guid":{"rendered":"https:\/\/alertadh.org\/?p=1346"},"modified":"2022-06-02T11:39:13","modified_gmt":"2022-06-02T09:39:13","slug":"la-creacion-del-centro-catalan-de-empresa-y-derechos-humanos-aprobada-en-el-parlament-2","status":"publish","type":"post","link":"https:\/\/alertadh.org\/es\/la-creacion-del-centro-catalan-de-empresa-y-derechos-humanos-aprobada-en-el-parlament-2\/","title":{"rendered":"La creaci\u00f3n del Centro Catal\u00e1n de Empresa y Derechos Humanos aprobada en el Parlament"},"content":{"rendered":"\n<p> <a href=\"https:\/\/catalunyaplural.cat\/es\/la-creacion-del-centro-catalan-de-empresa-y-derechos-humanos-aprobada-en-el-parlament\/\">Noticia publicada en Catalunya Plural, por Carla Benito<\/a> el  10\/02\/2022  <\/p>\n\n\n\n<p> <strong>Despu\u00e9s de a\u00f1os de trabajo y varios debates en el pleno, el Parlament  de Catalunya ha admitido a tr\u00e1mite la propuesta de ley para crear un  centro que regule la actividad de las empresas en relaci\u00f3n con los  Derechos Humanos. Entidades hablan de un d\u00eda hist\u00f3rico de la lucha de la  sociedad civil<\/strong> <\/p>\n\n\n<p><br>\n<!--StartFragment--><\/p>\n\n\n<p>A principios de octubre de 2020, el Ple del Parlament daba luz verde a  la Ley de Creaci\u00f3n del Centro de Empresas y Derechos Humanos. La  propuesta de Ley pasaba el tr\u00e1mite con el apoyo de JuntsxCat, ERC, PSC,  Comuns y CUP-CC y la oposici\u00f3n de Ciutadans y el PP. Esta ley,  explicaban entonces entidades que la defend\u00edan, situar\u00eda a Catalunya a  la vanguardia de las Naciones Unidas, donde se trabaja para la creaci\u00f3n  de un Tratado Vinculante para el control de la acci\u00f3n de las  transnacionales en relaci\u00f3n al cumplimiento de los derechos humanos . El  Parlament ya se hab\u00eda posicionado hasta tres veces a favor de la  creaci\u00f3n de este Centro con tres resoluciones de 2016, 2019 y 2020.<\/p>\n\n\n\n<p>Un a\u00f1o m\u00e1s tarde, en julio de 2021, el Grupo Catal\u00e1n de Empresa y \nDerechos Humanos, formado por Lafede.cat y la Taula Catalana per la Pau y\n els Drets Humans a Col\u00f2mbia, presentaban el Centro Catal\u00e1n de Empresa y\n Derechos Humanos. La creaci\u00f3n de \u00e9ste se aprobaba tambi\u00e9n en el \nParlament de Catalunya. Se dec\u00eda entonces que el organismo \u201cp\u00fablico e \nindependiente rendir\u00e1 cuentas a la sociedad civil, al Parlament y al \nGovern de la Generalitat\u201d y servir\u00e1 para evaluar \u201cel impacto sobre los \nDerechos Humanos que generan las empresas que operan en Catalunya y en \nel exterior\u201d.<\/p>\n\n\n\n<p>Ahora, a fecha de 9 de febrero, el Parlament de Catalunya admite a \ntr\u00e1mite la propuesta de ley sobre la creaci\u00f3n del Centro Catal\u00e1n de \nEmpresa y Derechos Humanos y, por tanto, ser\u00e1 ya una realidad que no \npodr\u00e1 seguir posponi\u00e9ndose. El debate de totalidad de la Proposici\u00f3n de \nley de creaci\u00f3n del Centro Catal\u00e1n de Empresa y Derechos Humanos se ha \nrealizado durante el pleno del mi\u00e9rcoles por la ma\u00f1ana, despu\u00e9s de la \nsesi\u00f3n de control. La Proposici\u00f3n se presentaba conjuntamente por \nPSC-Units, ERC, JxCat, la CUP y ECP despu\u00e9s de trabajarlo con las \nentidades. Por su parte, VOX hab\u00eda presentado una enmienda a la \ntotalidad que s\u00f3lo cont\u00f3 con 19 votos a favor respecto a los 111 votos \nen contra.<\/p>\n\n\n\n<p>El texto de la Proposici\u00f3n alertaba en la exposici\u00f3n de motivos que \n\u00ablas actividades econ\u00f3micas de grandes corporaciones pueden llegar a \ncomportar graves vulneraciones de derechos humanos, especialmente en \ncontextos de conflicto\u00bb. Por esta raz\u00f3n, la proposici\u00f3n crea este \norganismo, que tendr\u00e1 por finalidad \u201cgarantizar una acci\u00f3n exterior \ncatalana p\u00fablica y privada que sea referente a nivel internacional en el\n respeto de los derechos humanos\u201d y que tendr\u00e1 por funciones prevenir, \nalertar e investigar con relaci\u00f3n a actividades exteriores de empresas \nque puedan incurrir en una posible vulneraci\u00f3n de los derechos humanos y\n sancionar a las que no respondan a sus requerimientos o lo hagan de \nforma insuficiente o inadecuada.<\/p>\n\n\n\n<p>En este sentido, se pretende que el Centro Catal\u00e1n de Empresas y \nDerechos Humanos controle la acci\u00f3n exterior de las empresas \ntransnacionales que operan en otros pa\u00edses y que tienen estrechos \nv\u00ednculos con el territorio catal\u00e1n. Ahora mismo existen m\u00e1s de 3.000 \nempresas catalanas que operan en el exterior, de forma directa o \nmediante m\u00e1s de 7.500 filiales. Aparte tambi\u00e9n se busca que el Centro \ntenga la capacidad de recibir quejas y denuncias espec\u00edficas para que \ncolectivos afectados directamente por las empresas puedan dirigirse a \nellos, y \u00e9ste pueda poner en marcha un proceso de investigaci\u00f3n y de \ndi\u00e1logo. El Centro tambi\u00e9n impulsar\u00e1 propuestas de regulaci\u00f3n y dise\u00f1o \nde pol\u00edticas p\u00fablicas, por ejemplo, en los procesos de contrataci\u00f3n \np\u00fablica. Como explicaban entidades sociales hace dos a\u00f1os: \u201ccon esta Ley\n se prev\u00e9 que no sea posible que el Govern contrate a empresas que \ngeneran impactos negativos en otros pa\u00edses como es el caso de las \nempresas del Grupo ACS (accionista principal Florentino P\u00e9rez), que \ncausan impactos negativos en el \u00e1mbito ambiental, social y econ\u00f3mico en \nGuatemala, al tiempo que tambi\u00e9n tienen complicidades en zonas ocupadas \nen Palestina, entre otros\u201d. Y es que ya hay mucho trabajo realizado y \navanzado en este sentido. En la web de<a href=\"https:\/\/alertadh.org\/\"> alertadh.org<\/a>\n se encuentran casos de empresas transnacionales con vinculaci\u00f3n \ncatalana que vulneran los derechos humanos all\u00e1 donde trabajan. entre \notros\u201d.<\/p>\n\n\n\n\n\n<figure class=\"wp-block-embed-twitter wp-block-embed is-type-rich is-provider-twitter\"><div class=\"wp-block-embed__wrapper\">\n<blockquote class=\"twitter-tweet\" data-width=\"500\" data-dnt=\"true\"><p lang=\"ca\" dir=\"ltr\">Obrim fil!<br>[1\/5]\ud83d\udca5ATENCI\u00d3! Avui el <a href=\"https:\/\/twitter.com\/parlamentcat?ref_src=twsrc%5Etfw\">@parlamentcat<\/a> ha adm\u00e8s a tr\u00e0mit de la proposta de llei del Centre Catal\u00e0 d&#39;<a href=\"https:\/\/twitter.com\/hashtag\/EmpresaiDH?src=hash&amp;ref_src=twsrc%5Etfw\">#EmpresaiDH<\/a>. Un primer pas per aconseguir controlar les vulneracions de <a href=\"https:\/\/twitter.com\/hashtag\/DretsHumans?src=hash&amp;ref_src=twsrc%5Etfw\">#DretsHumans<\/a> de les empreses amb la seva acci\u00f3 a l&#39;exterior. <a href=\"https:\/\/t.co\/rnQTg2CYAo\">pic.twitter.com\/rnQTg2CYAo<\/a><\/p>&mdash; Lafede.cat-organitzacions per a la Just\u00edcia global (@Lafede_cat) <a href=\"https:\/\/twitter.com\/Lafede_cat\/status\/1491381388049719296?ref_src=twsrc%5Etfw\">February 9, 2022<\/a><\/blockquote><script async src=\"https:\/\/platform.twitter.com\/widgets.js\" charset=\"utf-8\"><\/script>\n<\/div><\/figure>\n\n\n\n<p><strong> <a href=\"https:\/\/catalunyaplural.cat\/es\/la-creacion-del-centro-catalan-de-empresa-y-derechos-humanos-aprobada-en-el-parlament\/\">Lee la noticia completa publicada en Catalunya Plural<\/a> <\/strong><\/p>\n","protected":false},"excerpt":{"rendered":"<p>Noticia publicada en Catalunya Plural, por Carla Benito el 10\/02\/2022 Despu\u00e9s de a\u00f1os de trabajo y varios debates en el pleno, el Parlament de Catalunya ha admitido a tr\u00e1mite la propuesta de ley para crear un centro que regule la actividad de las empresas en relaci\u00f3n con los Derechos Humanos. Entidades hablan de un d\u00eda hist\u00f3rico de la lucha de la sociedad civil A principios de octubre de 2020, el Ple del Parlament daba luz verde a la Ley de Creaci\u00f3n del Centro de Empresas y Derechos Humanos. La propuesta de Ley pasaba el tr\u00e1mite con el apoyo de JuntsxCat, [&hellip;]<\/p>\n","protected":false},"author":14,"featured_media":1338,"comment_status":"open","ping_status":"open","sticky":false,"template":"","format":"standard","meta":{"_acf_changed":false,"footnotes":""},"categories":[4],"tags":[],"class_list":["post-1346","post","type-post","status-publish","format-standard","has-post-thumbnail","hentry","category-sin-categorizar"],"acf":[],"_links":{"self":[{"href":"https:\/\/alertadh.org\/es\/wp-json\/wp\/v2\/posts\/1346","targetHints":{"allow":["GET"]}}],"collection":[{"href":"https:\/\/alertadh.org\/es\/wp-json\/wp\/v2\/posts"}],"about":[{"href":"https:\/\/alertadh.org\/es\/wp-json\/wp\/v2\/types\/post"}],"author":[{"embeddable":true,"href":"https:\/\/alertadh.org\/es\/wp-json\/wp\/v2\/users\/14"}],"replies":[{"embeddable":true,"href":"https:\/\/alertadh.org\/es\/wp-json\/wp\/v2\/comments?post=1346"}],"version-history":[{"count":2,"href":"https:\/\/alertadh.org\/es\/wp-json\/wp\/v2\/posts\/1346\/revisions"}],"predecessor-version":[{"id":1352,"href":"https:\/\/alertadh.org\/es\/wp-json\/wp\/v2\/posts\/1346\/revisions\/1352"}],"wp:featuredmedia":[{"embeddable":true,"href":"https:\/\/alertadh.org\/es\/wp-json\/wp\/v2\/media\/1338"}],"wp:attachment":[{"href":"https:\/\/alertadh.org\/es\/wp-json\/wp\/v2\/media?parent=1346"}],"wp:term":[{"taxonomy":"category","embeddable":true,"href":"https:\/\/alertadh.org\/es\/wp-json\/wp\/v2\/categories?post=1346"},{"taxonomy":"post_tag","embeddable":true,"href":"https:\/\/alertadh.org\/es\/wp-json\/wp\/v2\/tags?post=1346"}],"curies":[{"name":"wp","href":"https:\/\/api.w.org\/{rel}","templated":true}]}}