{"id":1595,"date":"2022-02-22T10:18:00","date_gmt":"2022-02-22T09:18:00","guid":{"rendered":"https:\/\/alertadh.org\/?p=1595"},"modified":"2022-11-22T10:26:00","modified_gmt":"2022-11-22T09:26:00","slug":"garanticemos-una-internacionalizacion-responsable-de-las-empresas","status":"publish","type":"post","link":"https:\/\/alertadh.org\/es\/garanticemos-una-internacionalizacion-responsable-de-las-empresas\/","title":{"rendered":"Garanticemos una internacionalizaci\u00f3n responsable de las empresas"},"content":{"rendered":"\n<p>Marco Aparicio Wilhelmi<\/p>\n\n\n\n<p>Presidente de l\u2019Observatori DESC y miembro del Grup Catal\u00e0 d\u2019Empresa i Drets Humans en<a href=\"https:\/\/blogs.publico.es\/otrasmiradas\/57085\/garantizamos-una-internacionalizacion-responsable-de-las-empresas\/\"> P\u00fablico<\/a>.<\/p>\n\n\n\n<p><\/p>\n\n\n\n<p><\/p>\n\n\n\n<p>Ponemos en marcha el a\u00f1o con una mala noticia y otra buena en materia de Derechos Humanos. Por un lado, gran desastre medioambiental en Per\u00fa por el vertido de 11.900 barriles de petr\u00f3leo <a href=\"https:\/\/alertadh.org\/es\/empresa\/repsol\/\" data-type=\"empresa\" data-id=\"1420\">Repsol<\/a>. Por otra parte, el Parlament de Catalunya ha admitido a tr\u00e1mite una proposici\u00f3n de ley para crear un <a href=\"https:\/\/alertadh.org\/es\/llamamiento-para-dar-apoyo-a-la-creacion-del-centro-catalan-de-empresa-y-derechos-humanos\/\" data-type=\"post\" data-id=\"1278\"><strong>Centro Catal\u00e1n de Empresa y Derechos Humanos<\/strong> <\/a>que sirva para fiscalizar y sancionar las vulneraciones que cometen las grandes transnacionales que operan en Catalunya. \u00bfQu\u00e9 relaci\u00f3n existe entre las dos?<\/p>\n\n\n\n<p>El vertido de crudo ha manchado de negro siete kil\u00f3metros de oc\u00e9ano y dos de playa en la costa de Lima, donde se encuentra la refiner\u00eda La Pampilla, gestionada por la empresa espa\u00f1ola Repsol. Un juez peruano ha prohibido a cuatro directivos de la multinacional salir del pa\u00eds durante 18 meses por presunta responsabilidad de delito medioambiental. Ante esto, hay dos opciones: que Repsol salga ilesa o condenada.<\/p>\n\n\n\n<p>Ojal\u00e1 se imponga la segunda opci\u00f3n, pero la l\u00f3gica actual nos dice que frente a graves delitos medioambientales como \u00e9ste, es muy com\u00fan que se ponga en marcha la llamada \u00abarquitectura de la impunidad corporativa\u00bb. \u00c9sta permite diluir la responsabilidad de la empresa matriz en sus filiales o sociedades locales subcontratadas que, adem\u00e1s, a menudo desaparecen jur\u00eddicamente o se declaran en bancarrota de forma que no pueden responder a obligaciones de reparaci\u00f3n y restauraci\u00f3n. Un ejemplo de ello, es el sector textil, como en el caso de Rana Plaza en Bangladesh, donde las empresas europeas de moda que se benefician por los bajos costes laborales, se presentan como simples compradoras, eximi\u00e9ndose de toda responsabilidad.<\/p>\n\n\n\n<p>En el caso de Repsol, la sociedad civil peruana reclama sanciones, exclusi\u00f3n de la contrataci\u00f3n p\u00fablica y reparaciones por parte de la empresa espa\u00f1ola. El sentido com\u00fan nos lleva a se\u00f1alar que si buena parte de la ganancia econ\u00f3mica (se trata de empresas con enormes beneficios anuales) se deriva de la precariedad de las condiciones de producci\u00f3n, resulta inaceptable que estas empresas no asuman las consecuencias de esa desposesi\u00f3n y explotaci\u00f3n que vulnera derechos y que a menudo se lleva vidas. Desgraciadamente, los pa\u00edses enriquecidos muy dif\u00edcilmente atribuyen a las empresas matriz \u2013domiciliadas en su territorio\u2013 una responsabilidad que llaman \u00abextra-territorial\u00bb.<\/p>\n\n\n\n<p><\/p>\n\n\n\n<p><a href=\"https:\/\/blogs.publico.es\/otrasmiradas\/57085\/garantizamos-una-internacionalizacion-responsable-de-las-empresas\/\">Leer el art\u00edculo completo en P\u00fablico<\/a><\/p>\n","protected":false},"excerpt":{"rendered":"<p>Marco Aparicio Wilhelmi Presidente de l\u2019Observatori DESC y miembro del Grup Catal\u00e0 d\u2019Empresa i Drets Humans en P\u00fablico. Ponemos en marcha el a\u00f1o con una mala noticia y otra buena en materia de Derechos Humanos. Por un lado, gran desastre medioambiental en Per\u00fa por el vertido de 11.900 barriles de petr\u00f3leo Repsol. Por otra parte, el Parlament de Catalunya ha admitido a tr\u00e1mite una proposici\u00f3n de ley para crear un Centro Catal\u00e1n de Empresa y Derechos Humanos que sirva para fiscalizar y sancionar las vulneraciones que cometen las grandes transnacionales que operan en Catalunya. \u00bfQu\u00e9 relaci\u00f3n existe entre las dos? [&hellip;]<\/p>\n","protected":false},"author":14,"featured_media":1596,"comment_status":"open","ping_status":"open","sticky":false,"template":"","format":"standard","meta":{"_acf_changed":false,"footnotes":""},"categories":[4],"tags":[],"class_list":["post-1595","post","type-post","status-publish","format-standard","has-post-thumbnail","hentry","category-sin-categorizar"],"acf":[],"_links":{"self":[{"href":"https:\/\/alertadh.org\/es\/wp-json\/wp\/v2\/posts\/1595","targetHints":{"allow":["GET"]}}],"collection":[{"href":"https:\/\/alertadh.org\/es\/wp-json\/wp\/v2\/posts"}],"about":[{"href":"https:\/\/alertadh.org\/es\/wp-json\/wp\/v2\/types\/post"}],"author":[{"embeddable":true,"href":"https:\/\/alertadh.org\/es\/wp-json\/wp\/v2\/users\/14"}],"replies":[{"embeddable":true,"href":"https:\/\/alertadh.org\/es\/wp-json\/wp\/v2\/comments?post=1595"}],"version-history":[{"count":1,"href":"https:\/\/alertadh.org\/es\/wp-json\/wp\/v2\/posts\/1595\/revisions"}],"predecessor-version":[{"id":1598,"href":"https:\/\/alertadh.org\/es\/wp-json\/wp\/v2\/posts\/1595\/revisions\/1598"}],"wp:featuredmedia":[{"embeddable":true,"href":"https:\/\/alertadh.org\/es\/wp-json\/wp\/v2\/media\/1596"}],"wp:attachment":[{"href":"https:\/\/alertadh.org\/es\/wp-json\/wp\/v2\/media?parent=1595"}],"wp:term":[{"taxonomy":"category","embeddable":true,"href":"https:\/\/alertadh.org\/es\/wp-json\/wp\/v2\/categories?post=1595"},{"taxonomy":"post_tag","embeddable":true,"href":"https:\/\/alertadh.org\/es\/wp-json\/wp\/v2\/tags?post=1595"}],"curies":[{"name":"wp","href":"https:\/\/api.w.org\/{rel}","templated":true}]}}