{"id":1731,"date":"2023-04-03T10:55:58","date_gmt":"2023-04-03T08:55:58","guid":{"rendered":"https:\/\/alertadh.org\/?p=1731"},"modified":"2023-04-03T11:30:41","modified_gmt":"2023-04-03T09:30:41","slug":"comparecencia-de-adoracion-guaman-en-el-parlamento-debate-centro-catalan-de-empresa-y-derechos-humanos","status":"publish","type":"post","link":"https:\/\/alertadh.org\/es\/comparecencia-de-adoracion-guaman-en-el-parlamento-debate-centro-catalan-de-empresa-y-derechos-humanos\/","title":{"rendered":"Comparecencia de Adoraci\u00f3n Guam\u00e1n en el Parlamento | Debate Centro Catal\u00e1n de Empresa y Derechos Humanos."},"content":{"rendered":"\n<p>Adoraci\u00f3n Guam\u00e1n es profesora titular de Derecho del Trabajo y de la Seguridad Social en la Universitat de Val\u00e8ncia lleva m\u00e1s de una d\u00e9cada dedic\u00e1ndose al estudio de vulneraciones de DDHH por parte de empresas transnacionales. Ha sido asesora del gobierno de Ecuador para el <em>Binding Treaty<\/em> y es una de las juristas que ha redactado el anteproyecto de <em>Ley Espa\u00f1ola de Diligencia Debida empresarial<\/em> (en estos momentos, en borrador).<\/p>\n\n\n\n<figure class=\"wp-block-embed is-type-video is-provider-youtube wp-block-embed-youtube wp-embed-aspect-16-9 wp-has-aspect-ratio\"><div class=\"wp-block-embed__wrapper\">\n<iframe loading=\"lazy\" title=\"Compareixen\u00e7a d&#039;Adoraci\u00f3n Guam\u00e1n al Parlament | Debat Centre Catal\u00e0 d&#039;Empresa i Drets Humans.\" width=\"500\" height=\"281\" src=\"https:\/\/www.youtube.com\/embed\/cyRT71-Xi4c?feature=oembed\" frameborder=\"0\" allow=\"accelerometer; autoplay; clipboard-write; encrypted-media; gyroscope; picture-in-picture; web-share\" referrerpolicy=\"strict-origin-when-cross-origin\" allowfullscreen><\/iframe>\n<\/div><\/figure>\n\n\n\n<p>Para Guam\u00e1n, el texto del Centro de Empresa y DDHH est\u00e1 correctamente enfocado. Tiene en cuenta el problema fundamental, que es que existe un aumento constante de violaciones de DDHH por parte de las empresas transnacionales.<\/p>\n\n\n\n<p>El problema de las violaciones de DDHH y los da\u00f1os al medio ambiente se deriva de las cadenas de valor que concentran una proporci\u00f3n cada vez mayor del comercio mundial. Aclara que no estamos hablando de las PYMES o empresas que no tienen cadena de suministro, sino de la acci\u00f3n de las transnacionales, que son las que articulan su acci\u00f3n a trav\u00e9s de estas cadenas de valor.<\/p>\n\n\n\n<p>Ante este problema, el derecho internacional no ofrece un marco jur\u00eddico para obligar a las transnacionales a respetar los DDHH y respetar el ambiente y, como consecuencia, se produce una situaci\u00f3n de impunidad e indefensi\u00f3n. La \u00fanica experiencia actualmente en ciernes para superar \u00e9ste \u201c\u00e1ngulo muerto del Derecho Internacional\u201d es el <em>Binding Treaty (Tratado Vinculante)<\/em>, que nace de las carencias de los <em>Principios Rectores<\/em>, reconocidas por el mismo grupo que los cre\u00f3. Los principios rectores no son <em>hard law<\/em>.<\/p>\n\n\n\n<p>El entorno estatal est\u00e1 solucionando este vac\u00edo a trav\u00e9s de la <em>Diligencia Debida<\/em>. La norma de <em>Diligencia Debida<\/em>, cuyo ejemplo es la ley francesa, establece medios y un camino entre el establecimiento de responsabilidades a las empresas por los actos cometidos en el exterior y la mera voluntariedad, como la RSC.<\/p>\n\n\n\n<p>Todas las normas de <em>Debida Diligencia<\/em> vigentes \u2013 excepto la Noruega- se dirigen a las grandes empresas, no a las PYMES. Dado que los problemas que ingtentan combatir son los derivados de la transnacionalizaci\u00f3n, y las PYMES no tienen cadena de valor.<\/p>\n\n\n\n<p>En el \u00e1mbito europeo tenemos la experiencia de la Directiva Europea, pero \u00e9sta no est\u00e1 orientada a la protecci\u00f3n de DDHH y se aplica a empresas muy grandes.<\/p>\n\n\n\n<p>Para Guam\u00e1n, el <em>Centro Catal\u00e1n de Empresa y DDHH<\/em> es una iniciativa de vanguardia en la protecci\u00f3n al medio ambiente y los DDHH, no existe algo similar en el \u00e1mbito comparado, y a la vez es perfectamente compatible con el anteproyecto de la Ley estatal de Diligencia Debida. &nbsp;El Parlament de Catalunya ha detectado muy bien los problemas. Guam\u00e1n recomienda mejoras en los art\u00edculos 2 y 3 para ampliar el alcance a las cadenas e incluir los da\u00f1os mediambientales, entre otras modificaciones t\u00e9cnicas. El <em>Centro Catal\u00e1n de Empresa y DDHH<\/em> funcionar\u00eda a modo de <em>think tank<\/em> que impulse normativas y buenas pr\u00e1cticas, da la oportunidad de notificar a las empresas<\/p>\n\n\n\n<p><\/p>\n\n\n\n<blockquote class=\"wp-block-quote is-layout-flow wp-block-quote-is-layout-flow\">\n<p><\/p>\n<\/blockquote>\n\n\n\n<blockquote class=\"wp-block-quote is-layout-flow wp-block-quote-is-layout-flow\">\n<p><\/p>\n<\/blockquote>\n\n\n\n<figure class=\"wp-block-pullquote\"><blockquote><p><em>\u201cLas empresas no tienen derecho de participaci\u00f3n pol\u00edtica, por lo tanto, no es necesario introducir a las empresas en el Centro Catal\u00e1n de Empresa y DDHH\u201d. <\/em><br>Adoraci\u00f3n Guam\u00e1n<\/p><\/blockquote><\/figure>\n\n\n\n<figure class=\"wp-block-pullquote\"><blockquote><p>\u201cEl <em>Centro Catal\u00e1n de Empresa y DDHH<\/em> es una iniciativa que beneficia a las empresas con sede en Catalunya y que ya cumplen en el respeto a los DDHH y el medio ambiente\u201d. <br>Adoraci\u00f3n Guam\u00e1n<\/p><\/blockquote><\/figure>\n","protected":false},"excerpt":{"rendered":"<p>Adoraci\u00f3n Guam\u00e1n es profesora titular de Derecho del Trabajo y de la Seguridad Social en la Universitat de Val\u00e8ncia lleva m\u00e1s de una d\u00e9cada dedic\u00e1ndose al estudio de vulneraciones de DDHH por parte de empresas transnacionales. Ha sido asesora del gobierno de Ecuador para el Binding Treaty y es una de las juristas que ha redactado el anteproyecto de Ley Espa\u00f1ola de Diligencia Debida empresarial (en estos momentos, en borrador). Para Guam\u00e1n, el texto del Centro de Empresa y DDHH est\u00e1 correctamente enfocado. Tiene en cuenta el problema fundamental, que es que existe un aumento constante de violaciones de DDHH [&hellip;]<\/p>\n","protected":false},"author":14,"featured_media":1734,"comment_status":"open","ping_status":"open","sticky":false,"template":"","format":"standard","meta":{"_acf_changed":false,"footnotes":""},"categories":[342],"tags":[],"class_list":["post-1731","post","type-post","status-publish","format-standard","has-post-thumbnail","hentry","category-parlament-es"],"acf":[],"_links":{"self":[{"href":"https:\/\/alertadh.org\/es\/wp-json\/wp\/v2\/posts\/1731","targetHints":{"allow":["GET"]}}],"collection":[{"href":"https:\/\/alertadh.org\/es\/wp-json\/wp\/v2\/posts"}],"about":[{"href":"https:\/\/alertadh.org\/es\/wp-json\/wp\/v2\/types\/post"}],"author":[{"embeddable":true,"href":"https:\/\/alertadh.org\/es\/wp-json\/wp\/v2\/users\/14"}],"replies":[{"embeddable":true,"href":"https:\/\/alertadh.org\/es\/wp-json\/wp\/v2\/comments?post=1731"}],"version-history":[{"count":3,"href":"https:\/\/alertadh.org\/es\/wp-json\/wp\/v2\/posts\/1731\/revisions"}],"predecessor-version":[{"id":1753,"href":"https:\/\/alertadh.org\/es\/wp-json\/wp\/v2\/posts\/1731\/revisions\/1753"}],"wp:featuredmedia":[{"embeddable":true,"href":"https:\/\/alertadh.org\/es\/wp-json\/wp\/v2\/media\/1734"}],"wp:attachment":[{"href":"https:\/\/alertadh.org\/es\/wp-json\/wp\/v2\/media?parent=1731"}],"wp:term":[{"taxonomy":"category","embeddable":true,"href":"https:\/\/alertadh.org\/es\/wp-json\/wp\/v2\/categories?post=1731"},{"taxonomy":"post_tag","embeddable":true,"href":"https:\/\/alertadh.org\/es\/wp-json\/wp\/v2\/tags?post=1731"}],"curies":[{"name":"wp","href":"https:\/\/api.w.org\/{rel}","templated":true}]}}