{"id":2360,"date":"2025-02-26T16:34:10","date_gmt":"2025-02-26T15:34:10","guid":{"rendered":"https:\/\/alertadh.org\/?p=2360"},"modified":"2025-03-03T16:42:45","modified_gmt":"2025-03-03T15:42:45","slug":"relatos-locales-de-justicia-y-reparacion-ante-el-extractivismo-en-america-latina","status":"publish","type":"post","link":"https:\/\/alertadh.org\/es\/relatos-locales-de-justicia-y-reparacion-ante-el-extractivismo-en-america-latina\/","title":{"rendered":"Relatos locales de justicia y reparaci\u00f3n ante el extractivismo en Am\u00e9rica Latina"},"content":{"rendered":"\n<p>Compartimos un resumen del art\u00edculo <strong>\u00abRelatos locales de justicia y reparaci\u00f3n ante el extractivismo en Am\u00e9rica Latina\u00bb<\/strong>, publicado por Dejusticia, que explora c\u00f3mo comunidades ind\u00edgenas en Argentina y Colombia resisten a la extracci\u00f3n de recursos naturales en sus territorios. A trav\u00e9s de estudios de caso en <strong>El Aguilar (Argentina) y La Guajira (Colombia)<\/strong>, el texto expone c\u00f3mo estas comunidades enfrentan barreras estructurales para acceder a la justicia, entendida desde su cosmovisi\u00f3n como armon\u00eda con la naturaleza y respeto por la tierra y el agua.<\/p>\n\n\n\n<p>En <strong>El Aguilar<\/strong>, la comunidad ind\u00edgena de Casa Grande y mujeres defensoras del h\u00e1bitat han denunciado los efectos de la miner\u00eda de metales pesados, como plomo, plata y zinc, que ha contaminado suelos y fuentes de agua durante d\u00e9cadas. Su lucha no solo exige reparaci\u00f3n, sino una sanaci\u00f3n completa del territorio, incluyendo el reconocimiento de los impactos en la salud y el medio ambiente.<\/p>\n\n\n\n<p>Por otro lado, en <strong>La Guajira<\/strong>, las lideresas Wayuu han demandado la protecci\u00f3n de sus fuentes de agua y la preservaci\u00f3n del equilibrio ecol\u00f3gico de su territorio, gravemente alterado por proyectos extractivos. A pesar de los desaf\u00edos, estas mujeres contin\u00faan organiz\u00e1ndose para exigir el respeto a sus derechos y la supervivencia de su pueblo frente al avance de las industrias extractivas.<\/p>\n\n\n\n<p>El art\u00edculo enfatiza que el conflicto entre <strong>extractivismo y territorio<\/strong> debe analizarse desde la perspectiva de las comunidades afectadas, y no solo desde los intereses empresariales y estatales. Esto implica reconocer y respetar las demandas de vida y justicia de los pueblos ind\u00edgenas, que defienden su derecho a vivir en armon\u00eda con la naturaleza.<\/p>\n\n\n\n<p>Finalmente, subraya la necesidad de integrar un <strong>enfoque de derechos humanos<\/strong> en las actividades extractivas y en las transiciones econ\u00f3micas. La justicia y la reparaci\u00f3n en estos contextos solo ser\u00e1n posibles si se escucha a las comunidades afectadas y se prioriza la protecci\u00f3n de sus territorios frente a los intereses econ\u00f3micos.<\/p>\n\n\n\n<p><a href=\"https:\/\/www.dejusticia.org\/extractivismo-en-colombia-y-argentina\/\"><strong>LEE EL ART\u00cdCULO COMPLETO EN DEJUSTICIA<\/strong><\/a><\/p>\n\n\n\n<p>FOTO: DEJUSTUCUA<\/p>\n","protected":false},"excerpt":{"rendered":"<p>Compartimos un resumen del art\u00edculo \u00abRelatos locales de justicia y reparaci\u00f3n ante el extractivismo en Am\u00e9rica Latina\u00bb, publicado por Dejusticia, que explora c\u00f3mo comunidades ind\u00edgenas en Argentina y Colombia resisten a la extracci\u00f3n de recursos naturales en sus territorios. A trav\u00e9s de estudios de caso en El Aguilar (Argentina) y La Guajira (Colombia), el texto expone c\u00f3mo estas comunidades enfrentan barreras estructurales para acceder a la justicia, entendida desde su cosmovisi\u00f3n como armon\u00eda con la naturaleza y respeto por la tierra y el agua. En El Aguilar, la comunidad ind\u00edgena de Casa Grande y mujeres defensoras del h\u00e1bitat han denunciado [&hellip;]<\/p>\n","protected":false},"author":14,"featured_media":2361,"comment_status":"closed","ping_status":"closed","sticky":false,"template":"","format":"standard","meta":{"_acf_changed":false,"footnotes":""},"categories":[344,345,454],"tags":[],"class_list":["post-2360","post","type-post","status-publish","format-standard","has-post-thumbnail","hentry","category-defensoras-es","category-derechos-humanos","category-medio-ambiente-es"],"acf":[],"_links":{"self":[{"href":"https:\/\/alertadh.org\/es\/wp-json\/wp\/v2\/posts\/2360","targetHints":{"allow":["GET"]}}],"collection":[{"href":"https:\/\/alertadh.org\/es\/wp-json\/wp\/v2\/posts"}],"about":[{"href":"https:\/\/alertadh.org\/es\/wp-json\/wp\/v2\/types\/post"}],"author":[{"embeddable":true,"href":"https:\/\/alertadh.org\/es\/wp-json\/wp\/v2\/users\/14"}],"replies":[{"embeddable":true,"href":"https:\/\/alertadh.org\/es\/wp-json\/wp\/v2\/comments?post=2360"}],"version-history":[{"count":1,"href":"https:\/\/alertadh.org\/es\/wp-json\/wp\/v2\/posts\/2360\/revisions"}],"predecessor-version":[{"id":2363,"href":"https:\/\/alertadh.org\/es\/wp-json\/wp\/v2\/posts\/2360\/revisions\/2363"}],"wp:featuredmedia":[{"embeddable":true,"href":"https:\/\/alertadh.org\/es\/wp-json\/wp\/v2\/media\/2361"}],"wp:attachment":[{"href":"https:\/\/alertadh.org\/es\/wp-json\/wp\/v2\/media?parent=2360"}],"wp:term":[{"taxonomy":"category","embeddable":true,"href":"https:\/\/alertadh.org\/es\/wp-json\/wp\/v2\/categories?post=2360"},{"taxonomy":"post_tag","embeddable":true,"href":"https:\/\/alertadh.org\/es\/wp-json\/wp\/v2\/tags?post=2360"}],"curies":[{"name":"wp","href":"https:\/\/api.w.org\/{rel}","templated":true}]}}